{"id":781,"date":"2024-01-22T21:56:31","date_gmt":"2024-01-22T19:56:31","guid":{"rendered":"https:\/\/www.flyhahnenkamm.info\/?p=781"},"modified":"2024-01-25T19:20:46","modified_gmt":"2024-01-25T17:20:46","slug":"nachtrag-vergangener-monate","status":"publish","type":"post","link":"https:\/\/www.flyhahnenkamm.info\/?p=781","title":{"rendered":"Nachtrag Vergangener Monate"},"content":{"rendered":"\n<h2 class=\"wp-block-heading\">14. Okt. 2023 Jahreshauptversammlung<\/h2>\n\n\n\n<p>Wir fanden uns in der Hirschbachalm zur Jahreshauptversammlung ein. <br \/>Neben leckerem Essen war die Ernennung von Johann Fasser zum Ehrenmitglied der H\u00f6hepunkt des Abends. Danke und weiter so Hans!<\/p>\n\n\n\n<figure class=\"wp-block-image size-large\"><a href=\"https:\/\/www.flyhahnenkamm.info\/wp-content\/Screenshot-2024-01-22-204225.png\" rel=\"lightbox[781]\"><img loading=\"lazy\" decoding=\"async\" width=\"1024\" height=\"706\" src=\"https:\/\/www.flyhahnenkamm.info\/wp-content\/Screenshot-2024-01-22-204225-1024x706.png\" alt=\"\" class=\"wp-image-786\" srcset=\"https:\/\/www.flyhahnenkamm.info\/wp-content\/Screenshot-2024-01-22-204225-1024x706.png 1024w, https:\/\/www.flyhahnenkamm.info\/wp-content\/Screenshot-2024-01-22-204225-300x207.png 300w, https:\/\/www.flyhahnenkamm.info\/wp-content\/Screenshot-2024-01-22-204225-768x529.png 768w, https:\/\/www.flyhahnenkamm.info\/wp-content\/Screenshot-2024-01-22-204225-1200x827.png 1200w, https:\/\/www.flyhahnenkamm.info\/wp-content\/Screenshot-2024-01-22-204225.png 1206w\" sizes=\"(max-width: 1024px) 100vw, 1024px\" \/><\/a><\/figure>\n\n\n\n<p><br \/>An dieser Stelle auch einen gro\u00dfen DANK an unseren Markus, der den Verein \u00fcber viele Jahre als Obmann souver\u00e4n gef\u00fchrt hat und sich der Wiederwahl nicht mehr gestellt hat. <\/p>\n\n\n\n<p><\/p>\n\n\n\n<p><\/p>\n\n\n\n<h2 class=\"wp-block-heading\">30. Sep. 2023   ASV\u00d6 &#8211; Aktion &#8222;Engagiert wie du&#8220; f\u00fcr unseren Hans<\/h2>\n\n\n\n<p>An einem sch\u00f6nen Herbst-Samstag \u00fcberraschten wir unseren Hans mit einer Grillfeier um ihm mit der &#8222;Engagiert wie du-Aktion&#8220;  ein kleines Dankesch\u00f6n f\u00fcr seine jahrelange vorbildliche T\u00e4tigkeit in unserem Verein auszusprechen. So fanden sich zahlreiche Vereinsmitglieder und Bruno vom ASV\u00d6 bei Markus auf seiner Terrasse ein&#8230;.<\/p>\n\n\n\n<p><\/p>\n\n\n\n<p>Die Urkunden\u00fcbergabe<\/p>\n\n\n\n<figure class=\"wp-block-image size-large\"><a href=\"https:\/\/www.flyhahnenkamm.info\/wp-content\/IMG-20230929-WA0018.jpg\" rel=\"lightbox[781]\"><img loading=\"lazy\" decoding=\"async\" width=\"1024\" height=\"768\" src=\"https:\/\/www.flyhahnenkamm.info\/wp-content\/IMG-20230929-WA0018-1024x768.jpg\" alt=\"\" class=\"wp-image-783\" srcset=\"https:\/\/www.flyhahnenkamm.info\/wp-content\/IMG-20230929-WA0018-1024x768.jpg 1024w, https:\/\/www.flyhahnenkamm.info\/wp-content\/IMG-20230929-WA0018-300x225.jpg 300w, https:\/\/www.flyhahnenkamm.info\/wp-content\/IMG-20230929-WA0018-768x576.jpg 768w, https:\/\/www.flyhahnenkamm.info\/wp-content\/IMG-20230929-WA0018-1536x1152.jpg 1536w, https:\/\/www.flyhahnenkamm.info\/wp-content\/IMG-20230929-WA0018-1200x900.jpg 1200w, https:\/\/www.flyhahnenkamm.info\/wp-content\/IMG-20230929-WA0018.jpg 1600w\" sizes=\"(max-width: 1024px) 100vw, 1024px\" \/><\/a><\/figure>\n\n\n\n<p><\/p>\n\n\n\n<p>Der Chef pers\u00f6nlich am Grill<\/p>\n\n\n\n<figure class=\"wp-block-image size-large\"><a href=\"https:\/\/www.flyhahnenkamm.info\/wp-content\/Screenshot-2024-01-22-210155.png\" rel=\"lightbox[781]\"><img loading=\"lazy\" decoding=\"async\" width=\"1024\" height=\"700\" src=\"https:\/\/www.flyhahnenkamm.info\/wp-content\/Screenshot-2024-01-22-210155-1024x700.png\" alt=\"\" class=\"wp-image-789\" srcset=\"https:\/\/www.flyhahnenkamm.info\/wp-content\/Screenshot-2024-01-22-210155-1024x700.png 1024w, https:\/\/www.flyhahnenkamm.info\/wp-content\/Screenshot-2024-01-22-210155-300x205.png 300w, https:\/\/www.flyhahnenkamm.info\/wp-content\/Screenshot-2024-01-22-210155-768x525.png 768w, https:\/\/www.flyhahnenkamm.info\/wp-content\/Screenshot-2024-01-22-210155.png 1177w\" sizes=\"(max-width: 1024px) 100vw, 1024px\" \/><\/a><\/figure>\n","protected":false},"excerpt":{"rendered":"<p>14. Okt. 2023 Jahreshauptversammlung Wir fanden uns in der Hirschbachalm zur Jahreshauptversammlung ein. Neben leckerem Essen war die Ernennung von Johann Fasser zum Ehrenmitglied der H\u00f6hepunkt des Abends. Danke und weiter so Hans! An dieser Stelle auch einen gro\u00dfen DANK an unseren Markus, der den Verein \u00fcber viele Jahre als Obmann souver\u00e4n gef\u00fchrt hat und [&hellip;]<\/p>\n","protected":false},"author":551,"featured_media":0,"comment_status":"closed","ping_status":"closed","sticky":false,"template":"","format":"standard","meta":{"footnotes":""},"categories":[1,6],"tags":[21,22],"aioseo_notices":[],"_links":{"self":[{"href":"https:\/\/www.flyhahnenkamm.info\/index.php?rest_route=\/wp\/v2\/posts\/781"}],"collection":[{"href":"https:\/\/www.flyhahnenkamm.info\/index.php?rest_route=\/wp\/v2\/posts"}],"about":[{"href":"https:\/\/www.flyhahnenkamm.info\/index.php?rest_route=\/wp\/v2\/types\/post"}],"author":[{"embeddable":true,"href":"https:\/\/www.flyhahnenkamm.info\/index.php?rest_route=\/wp\/v2\/users\/551"}],"replies":[{"embeddable":true,"href":"https:\/\/www.flyhahnenkamm.info\/index.php?rest_route=%2Fwp%2Fv2%2Fcomments&post=781"}],"version-history":[{"count":6,"href":"https:\/\/www.flyhahnenkamm.info\/index.php?rest_route=\/wp\/v2\/posts\/781\/revisions"}],"predecessor-version":[{"id":808,"href":"https:\/\/www.flyhahnenkamm.info\/index.php?rest_route=\/wp\/v2\/posts\/781\/revisions\/808"}],"wp:attachment":[{"href":"https:\/\/www.flyhahnenkamm.info\/index.php?rest_route=%2Fwp%2Fv2%2Fmedia&parent=781"}],"wp:term":[{"taxonomy":"category","embeddable":true,"href":"https:\/\/www.flyhahnenkamm.info\/index.php?rest_route=%2Fwp%2Fv2%2Fcategories&post=781"},{"taxonomy":"post_tag","embeddable":true,"href":"https:\/\/www.flyhahnenkamm.info\/index.php?rest_route=%2Fwp%2Fv2%2Ftags&post=781"}],"curies":[{"name":"wp","href":"https:\/\/api.w.org\/{rel}","templated":true}]}}